{"id":7872,"date":"2020-01-20T15:07:00","date_gmt":"2020-01-20T14:07:00","guid":{"rendered":"https:\/\/dev.theaesthetics.at\/die-veraenderung-der-selbstwahrnehmung\/"},"modified":"2022-02-25T17:32:37","modified_gmt":"2022-02-25T16:32:37","slug":"the-change-in-self-perception","status":"publish","type":"post","link":"https:\/\/www.theaesthetics.at\/en\/the-change-in-self-perception\/","title":{"rendered":"The change in self-perception"},"content":{"rendered":"","protected":false},"excerpt":{"rendered":"<p> &#8220;perception drift&#8221; or the phenomenon of the new &#8220;zero line&#8221; <\/p>\n","protected":false},"author":2,"featured_media":3700,"comment_status":"open","ping_status":"open","sticky":false,"template":"","format":"standard","meta":{"_acf_changed":false,"footnotes":""},"categories":[111,117,115,112,116,114],"tags":[],"class_list":["post-7872","post","type-post","status-publish","format-standard","has-post-thumbnail","hentry","category-blog-en","category-body","category-face","category-general","category-hyaluron-filler","category-testimonials"],"acf":[],"yoast_head":"<!-- This site is optimized with the Yoast SEO plugin v27.4 - https:\/\/yoast.com\/product\/yoast-seo-wordpress\/ -->\n<title>The change in self-perception - TheAesthetics Dr. Rolf Bartsch &amp; Dr. Katrin Bartsch Plastische Chirurgie &amp; \u00c4sthetische Medizin 1190 Wien<\/title>\n<meta name=\"robots\" content=\"index, follow, max-snippet:-1, max-image-preview:large, max-video-preview:-1\" \/>\n<link rel=\"canonical\" href=\"https:\/\/www.theaesthetics.at\/en\/the-change-in-self-perception\/\" \/>\n<meta property=\"og:locale\" content=\"en_US\" \/>\n<meta property=\"og:type\" content=\"article\" \/>\n<meta property=\"og:title\" content=\"The change in self-perception - TheAesthetics Dr. Rolf Bartsch &amp; Dr. Katrin Bartsch Plastische Chirurgie &amp; \u00c4sthetische Medizin 1190 Wien\" \/>\n<meta property=\"og:description\" content=\"&quot;perception drift&quot; or the phenomenon of the new &quot;zero line&quot;\" \/>\n<meta property=\"og:url\" content=\"https:\/\/www.theaesthetics.at\/en\/the-change-in-self-perception\/\" \/>\n<meta property=\"og:site_name\" content=\"TheAesthetics Dr. Rolf Bartsch &amp; Dr. Katrin Bartsch Plastische Chirurgie &amp; \u00c4sthetische Medizin 1190 Wien\" \/>\n<meta property=\"article:published_time\" content=\"2020-01-20T14:07:00+00:00\" \/>\n<meta property=\"article:modified_time\" content=\"2022-02-25T16:32:37+00:00\" \/>\n<meta property=\"og:image\" content=\"https:\/\/www.theaesthetics.at\/wp-content\/uploads\/2020\/01\/Blog_Selbstwahrnehmung2-1.jpg\" \/>\n\t<meta property=\"og:image:width\" content=\"750\" \/>\n\t<meta property=\"og:image:height\" content=\"378\" \/>\n\t<meta property=\"og:image:type\" content=\"image\/jpeg\" \/>\n<meta name=\"author\" content=\"Viktor Toth\" \/>\n<meta name=\"twitter:card\" content=\"summary_large_image\" \/>\n<meta name=\"twitter:label1\" content=\"Written by\" \/>\n\t<meta name=\"twitter:data1\" content=\"Viktor Toth\" \/>\n<script type=\"application\/ld+json\" class=\"yoast-schema-graph\">{\"@context\":\"https:\\\/\\\/schema.org\",\"@graph\":[{\"@type\":\"Article\",\"@id\":\"https:\\\/\\\/www.theaesthetics.at\\\/en\\\/the-change-in-self-perception\\\/#article\",\"isPartOf\":{\"@id\":\"https:\\\/\\\/www.theaesthetics.at\\\/en\\\/the-change-in-self-perception\\\/\"},\"author\":{\"name\":\"Viktor Toth\",\"@id\":\"https:\\\/\\\/www.theaesthetics.at\\\/en\\\/#\\\/schema\\\/person\\\/e0cfa8aecec9bd45356cb2d5f05f9812\"},\"headline\":\"The change in self-perception\",\"datePublished\":\"2020-01-20T14:07:00+00:00\",\"dateModified\":\"2022-02-25T16:32:37+00:00\",\"mainEntityOfPage\":{\"@id\":\"https:\\\/\\\/www.theaesthetics.at\\\/en\\\/the-change-in-self-perception\\\/\"},\"wordCount\":4,\"commentCount\":0,\"image\":{\"@id\":\"https:\\\/\\\/www.theaesthetics.at\\\/en\\\/the-change-in-self-perception\\\/#primaryimage\"},\"thumbnailUrl\":\"https:\\\/\\\/www.theaesthetics.at\\\/wp-content\\\/uploads\\\/2020\\\/01\\\/Blog_Selbstwahrnehmung2-1.jpg\",\"articleSection\":[\"Blog EN\",\"Body\",\"Face\",\"General\",\"Hyaluron\\\/Filler\",\"Testimonials\"],\"inLanguage\":\"en-US\",\"potentialAction\":[{\"@type\":\"CommentAction\",\"name\":\"Comment\",\"target\":[\"https:\\\/\\\/www.theaesthetics.at\\\/en\\\/the-change-in-self-perception\\\/#respond\"]}]},{\"@type\":\"WebPage\",\"@id\":\"https:\\\/\\\/www.theaesthetics.at\\\/en\\\/the-change-in-self-perception\\\/\",\"url\":\"https:\\\/\\\/www.theaesthetics.at\\\/en\\\/the-change-in-self-perception\\\/\",\"name\":\"The change in self-perception - TheAesthetics Dr. Rolf Bartsch &amp; Dr. Katrin Bartsch Plastische Chirurgie &amp; \u00c4sthetische Medizin 1190 Wien\",\"isPartOf\":{\"@id\":\"https:\\\/\\\/www.theaesthetics.at\\\/en\\\/#website\"},\"primaryImageOfPage\":{\"@id\":\"https:\\\/\\\/www.theaesthetics.at\\\/en\\\/the-change-in-self-perception\\\/#primaryimage\"},\"image\":{\"@id\":\"https:\\\/\\\/www.theaesthetics.at\\\/en\\\/the-change-in-self-perception\\\/#primaryimage\"},\"thumbnailUrl\":\"https:\\\/\\\/www.theaesthetics.at\\\/wp-content\\\/uploads\\\/2020\\\/01\\\/Blog_Selbstwahrnehmung2-1.jpg\",\"datePublished\":\"2020-01-20T14:07:00+00:00\",\"dateModified\":\"2022-02-25T16:32:37+00:00\",\"author\":{\"@id\":\"https:\\\/\\\/www.theaesthetics.at\\\/en\\\/#\\\/schema\\\/person\\\/e0cfa8aecec9bd45356cb2d5f05f9812\"},\"breadcrumb\":{\"@id\":\"https:\\\/\\\/www.theaesthetics.at\\\/en\\\/the-change-in-self-perception\\\/#breadcrumb\"},\"inLanguage\":\"en-US\",\"potentialAction\":[{\"@type\":\"ReadAction\",\"target\":[\"https:\\\/\\\/www.theaesthetics.at\\\/en\\\/the-change-in-self-perception\\\/\"]}]},{\"@type\":\"ImageObject\",\"inLanguage\":\"en-US\",\"@id\":\"https:\\\/\\\/www.theaesthetics.at\\\/en\\\/the-change-in-self-perception\\\/#primaryimage\",\"url\":\"https:\\\/\\\/www.theaesthetics.at\\\/wp-content\\\/uploads\\\/2020\\\/01\\\/Blog_Selbstwahrnehmung2-1.jpg\",\"contentUrl\":\"https:\\\/\\\/www.theaesthetics.at\\\/wp-content\\\/uploads\\\/2020\\\/01\\\/Blog_Selbstwahrnehmung2-1.jpg\",\"width\":750,\"height\":378},{\"@type\":\"BreadcrumbList\",\"@id\":\"https:\\\/\\\/www.theaesthetics.at\\\/en\\\/the-change-in-self-perception\\\/#breadcrumb\",\"itemListElement\":[{\"@type\":\"ListItem\",\"position\":1,\"name\":\"Startseite\",\"item\":\"https:\\\/\\\/www.theaesthetics.at\\\/en\\\/\"},{\"@type\":\"ListItem\",\"position\":2,\"name\":\"The change in self-perception\"}]},{\"@type\":\"WebSite\",\"@id\":\"https:\\\/\\\/www.theaesthetics.at\\\/en\\\/#website\",\"url\":\"https:\\\/\\\/www.theaesthetics.at\\\/en\\\/\",\"name\":\"TheAesthetics Dr. Rolf Bartsch &amp; Dr. Katrin Bartsch Plastische Chirurgie &amp; \u00c4sthetische Medizin 1190 Wien\",\"description\":\"Bei Dr. Bartsch - The Aesthetics Wien - werden plastisch-chirurgische und nicht invasive \u00e4sthetische Behandlungen ma\u00dfgeschneidert durchgef\u00fchrt.\",\"potentialAction\":[{\"@type\":\"SearchAction\",\"target\":{\"@type\":\"EntryPoint\",\"urlTemplate\":\"https:\\\/\\\/www.theaesthetics.at\\\/en\\\/?s={search_term_string}\"},\"query-input\":{\"@type\":\"PropertyValueSpecification\",\"valueRequired\":true,\"valueName\":\"search_term_string\"}}],\"inLanguage\":\"en-US\"},{\"@type\":\"Person\",\"@id\":\"https:\\\/\\\/www.theaesthetics.at\\\/en\\\/#\\\/schema\\\/person\\\/e0cfa8aecec9bd45356cb2d5f05f9812\",\"name\":\"Viktor Toth\",\"image\":{\"@type\":\"ImageObject\",\"inLanguage\":\"en-US\",\"@id\":\"https:\\\/\\\/secure.gravatar.com\\\/avatar\\\/0e308272b73d72219877c3356b198742c67cb2f69de2be00d3194f1eddbc8015?s=96&d=identicon&r=g\",\"url\":\"https:\\\/\\\/secure.gravatar.com\\\/avatar\\\/0e308272b73d72219877c3356b198742c67cb2f69de2be00d3194f1eddbc8015?s=96&d=identicon&r=g\",\"contentUrl\":\"https:\\\/\\\/secure.gravatar.com\\\/avatar\\\/0e308272b73d72219877c3356b198742c67cb2f69de2be00d3194f1eddbc8015?s=96&d=identicon&r=g\",\"caption\":\"Viktor Toth\"}}]}<\/script>\n<!-- \/ Yoast SEO plugin. -->","yoast_head_json":{"title":"The change in self-perception - TheAesthetics Dr. Rolf Bartsch &amp; Dr. Katrin Bartsch Plastische Chirurgie &amp; \u00c4sthetische Medizin 1190 Wien","robots":{"index":"index","follow":"follow","max-snippet":"max-snippet:-1","max-image-preview":"max-image-preview:large","max-video-preview":"max-video-preview:-1"},"canonical":"https:\/\/www.theaesthetics.at\/en\/the-change-in-self-perception\/","og_locale":"en_US","og_type":"article","og_title":"The change in self-perception - TheAesthetics Dr. Rolf Bartsch &amp; Dr. Katrin Bartsch Plastische Chirurgie &amp; \u00c4sthetische Medizin 1190 Wien","og_description":"\"perception drift\" or the phenomenon of the new \"zero line\"","og_url":"https:\/\/www.theaesthetics.at\/en\/the-change-in-self-perception\/","og_site_name":"TheAesthetics Dr. Rolf Bartsch &amp; Dr. Katrin Bartsch Plastische Chirurgie &amp; \u00c4sthetische Medizin 1190 Wien","article_published_time":"2020-01-20T14:07:00+00:00","article_modified_time":"2022-02-25T16:32:37+00:00","og_image":[{"width":750,"height":378,"url":"https:\/\/www.theaesthetics.at\/wp-content\/uploads\/2020\/01\/Blog_Selbstwahrnehmung2-1.jpg","type":"image\/jpeg"}],"author":"Viktor Toth","twitter_card":"summary_large_image","twitter_misc":{"Written by":"Viktor Toth"},"schema":{"@context":"https:\/\/schema.org","@graph":[{"@type":"Article","@id":"https:\/\/www.theaesthetics.at\/en\/the-change-in-self-perception\/#article","isPartOf":{"@id":"https:\/\/www.theaesthetics.at\/en\/the-change-in-self-perception\/"},"author":{"name":"Viktor Toth","@id":"https:\/\/www.theaesthetics.at\/en\/#\/schema\/person\/e0cfa8aecec9bd45356cb2d5f05f9812"},"headline":"The change in self-perception","datePublished":"2020-01-20T14:07:00+00:00","dateModified":"2022-02-25T16:32:37+00:00","mainEntityOfPage":{"@id":"https:\/\/www.theaesthetics.at\/en\/the-change-in-self-perception\/"},"wordCount":4,"commentCount":0,"image":{"@id":"https:\/\/www.theaesthetics.at\/en\/the-change-in-self-perception\/#primaryimage"},"thumbnailUrl":"https:\/\/www.theaesthetics.at\/wp-content\/uploads\/2020\/01\/Blog_Selbstwahrnehmung2-1.jpg","articleSection":["Blog EN","Body","Face","General","Hyaluron\/Filler","Testimonials"],"inLanguage":"en-US","potentialAction":[{"@type":"CommentAction","name":"Comment","target":["https:\/\/www.theaesthetics.at\/en\/the-change-in-self-perception\/#respond"]}]},{"@type":"WebPage","@id":"https:\/\/www.theaesthetics.at\/en\/the-change-in-self-perception\/","url":"https:\/\/www.theaesthetics.at\/en\/the-change-in-self-perception\/","name":"The change in self-perception - TheAesthetics Dr. Rolf Bartsch &amp; Dr. Katrin Bartsch Plastische Chirurgie &amp; \u00c4sthetische Medizin 1190 Wien","isPartOf":{"@id":"https:\/\/www.theaesthetics.at\/en\/#website"},"primaryImageOfPage":{"@id":"https:\/\/www.theaesthetics.at\/en\/the-change-in-self-perception\/#primaryimage"},"image":{"@id":"https:\/\/www.theaesthetics.at\/en\/the-change-in-self-perception\/#primaryimage"},"thumbnailUrl":"https:\/\/www.theaesthetics.at\/wp-content\/uploads\/2020\/01\/Blog_Selbstwahrnehmung2-1.jpg","datePublished":"2020-01-20T14:07:00+00:00","dateModified":"2022-02-25T16:32:37+00:00","author":{"@id":"https:\/\/www.theaesthetics.at\/en\/#\/schema\/person\/e0cfa8aecec9bd45356cb2d5f05f9812"},"breadcrumb":{"@id":"https:\/\/www.theaesthetics.at\/en\/the-change-in-self-perception\/#breadcrumb"},"inLanguage":"en-US","potentialAction":[{"@type":"ReadAction","target":["https:\/\/www.theaesthetics.at\/en\/the-change-in-self-perception\/"]}]},{"@type":"ImageObject","inLanguage":"en-US","@id":"https:\/\/www.theaesthetics.at\/en\/the-change-in-self-perception\/#primaryimage","url":"https:\/\/www.theaesthetics.at\/wp-content\/uploads\/2020\/01\/Blog_Selbstwahrnehmung2-1.jpg","contentUrl":"https:\/\/www.theaesthetics.at\/wp-content\/uploads\/2020\/01\/Blog_Selbstwahrnehmung2-1.jpg","width":750,"height":378},{"@type":"BreadcrumbList","@id":"https:\/\/www.theaesthetics.at\/en\/the-change-in-self-perception\/#breadcrumb","itemListElement":[{"@type":"ListItem","position":1,"name":"Startseite","item":"https:\/\/www.theaesthetics.at\/en\/"},{"@type":"ListItem","position":2,"name":"The change in self-perception"}]},{"@type":"WebSite","@id":"https:\/\/www.theaesthetics.at\/en\/#website","url":"https:\/\/www.theaesthetics.at\/en\/","name":"TheAesthetics Dr. Rolf Bartsch &amp; Dr. Katrin Bartsch Plastische Chirurgie &amp; \u00c4sthetische Medizin 1190 Wien","description":"Bei Dr. Bartsch - The Aesthetics Wien - werden plastisch-chirurgische und nicht invasive \u00e4sthetische Behandlungen ma\u00dfgeschneidert durchgef\u00fchrt.","potentialAction":[{"@type":"SearchAction","target":{"@type":"EntryPoint","urlTemplate":"https:\/\/www.theaesthetics.at\/en\/?s={search_term_string}"},"query-input":{"@type":"PropertyValueSpecification","valueRequired":true,"valueName":"search_term_string"}}],"inLanguage":"en-US"},{"@type":"Person","@id":"https:\/\/www.theaesthetics.at\/en\/#\/schema\/person\/e0cfa8aecec9bd45356cb2d5f05f9812","name":"Viktor Toth","image":{"@type":"ImageObject","inLanguage":"en-US","@id":"https:\/\/secure.gravatar.com\/avatar\/0e308272b73d72219877c3356b198742c67cb2f69de2be00d3194f1eddbc8015?s=96&d=identicon&r=g","url":"https:\/\/secure.gravatar.com\/avatar\/0e308272b73d72219877c3356b198742c67cb2f69de2be00d3194f1eddbc8015?s=96&d=identicon&r=g","contentUrl":"https:\/\/secure.gravatar.com\/avatar\/0e308272b73d72219877c3356b198742c67cb2f69de2be00d3194f1eddbc8015?s=96&d=identicon&r=g","caption":"Viktor Toth"}}]}},"_links":{"self":[{"href":"https:\/\/www.theaesthetics.at\/en\/wp-json\/wp\/v2\/posts\/7872","targetHints":{"allow":["GET"]}}],"collection":[{"href":"https:\/\/www.theaesthetics.at\/en\/wp-json\/wp\/v2\/posts"}],"about":[{"href":"https:\/\/www.theaesthetics.at\/en\/wp-json\/wp\/v2\/types\/post"}],"author":[{"embeddable":true,"href":"https:\/\/www.theaesthetics.at\/en\/wp-json\/wp\/v2\/users\/2"}],"replies":[{"embeddable":true,"href":"https:\/\/www.theaesthetics.at\/en\/wp-json\/wp\/v2\/comments?post=7872"}],"version-history":[{"count":0,"href":"https:\/\/www.theaesthetics.at\/en\/wp-json\/wp\/v2\/posts\/7872\/revisions"}],"wp:featuredmedia":[{"embeddable":true,"href":"https:\/\/www.theaesthetics.at\/en\/wp-json\/wp\/v2\/media\/3700"}],"wp:attachment":[{"href":"https:\/\/www.theaesthetics.at\/en\/wp-json\/wp\/v2\/media?parent=7872"}],"wp:term":[{"taxonomy":"category","embeddable":true,"href":"https:\/\/www.theaesthetics.at\/en\/wp-json\/wp\/v2\/categories?post=7872"},{"taxonomy":"post_tag","embeddable":true,"href":"https:\/\/www.theaesthetics.at\/en\/wp-json\/wp\/v2\/tags?post=7872"}],"curies":[{"name":"wp","href":"https:\/\/api.w.org\/{rel}","templated":true}]}}