{"id":7865,"date":"2020-03-18T13:43:00","date_gmt":"2020-03-18T12:43:00","guid":{"rendered":"https:\/\/dev.theaesthetics.at\/keine-schoenheitsoperationen-in-zeiten-von-covid-19\/"},"modified":"2022-07-07T13:08:51","modified_gmt":"2022-07-07T11:08:51","slug":"no-cosmetic-surgery-in-times-of-covid-19","status":"publish","type":"post","link":"https:\/\/www.theaesthetics.at\/en\/no-cosmetic-surgery-in-times-of-covid-19\/","title":{"rendered":"No cosmetic surgery in times of covid-19"},"content":{"rendered":"\t\t<div data-elementor-type=\"wp-post\" data-elementor-id=\"7865\" class=\"elementor elementor-7865 elementor-3686\" data-elementor-post-type=\"post\">\n\t\t\t\t\t\t<section class=\"elementor-section elementor-top-section elementor-element elementor-element-233d534 elementor-section-boxed elementor-section-height-default elementor-section-height-default\" data-id=\"233d534\" data-element_type=\"section\" data-e-type=\"section\">\n\t\t\t\t\t\t<div class=\"elementor-container elementor-column-gap-default\">\n\t\t\t\t\t<div class=\"elementor-column elementor-col-100 elementor-top-column elementor-element elementor-element-36d599f\" data-id=\"36d599f\" data-element_type=\"column\" data-e-type=\"column\">\n\t\t\t<div class=\"elementor-widget-wrap elementor-element-populated\">\n\t\t\t\t\t\t<div class=\"elementor-element elementor-element-5ddb289 elementor-widget elementor-widget-image\" data-id=\"5ddb289\" data-element_type=\"widget\" data-e-type=\"widget\" data-widget_type=\"image.default\">\n\t\t\t\t<div class=\"elementor-widget-container\">\n\t\t\t\t\t\t\t\t\t\t\t\t\t\t\t<img fetchpriority=\"high\" decoding=\"async\" width=\"1024\" height=\"320\" src=\"https:\/\/www.theaesthetics.at\/wp-content\/uploads\/2020\/03\/Blog_keineops-1024x320.jpeg\" class=\"attachment-large size-large wp-image-11708\" alt=\"\" srcset=\"https:\/\/www.theaesthetics.at\/wp-content\/uploads\/2020\/03\/Blog_keineops-1024x320.jpeg 1024w, https:\/\/www.theaesthetics.at\/wp-content\/uploads\/2020\/03\/Blog_keineops-300x94.jpeg 300w, https:\/\/www.theaesthetics.at\/wp-content\/uploads\/2020\/03\/Blog_keineops-768x240.jpeg 768w, https:\/\/www.theaesthetics.at\/wp-content\/uploads\/2020\/03\/Blog_keineops.jpeg 1210w\" sizes=\"(max-width: 1024px) 100vw, 1024px\" \/>\t\t\t\t\t\t\t\t\t\t\t\t\t\t\t<\/div>\n\t\t\t\t<\/div>\n\t\t\t\t\t<\/div>\n\t\t<\/div>\n\t\t\t\t\t<\/div>\n\t\t<\/section>\n\t\t\t\t<\/div>\n\t\t","protected":false},"excerpt":{"rendered":"<p>Why we stop everything and when will it continue again?<\/p>\n","protected":false},"author":2,"featured_media":12545,"comment_status":"open","ping_status":"open","sticky":false,"template":"","format":"standard","meta":{"_acf_changed":false,"footnotes":""},"categories":[111,117,112],"tags":[],"class_list":["post-7865","post","type-post","status-publish","format-standard","has-post-thumbnail","hentry","category-blog-en","category-body","category-general"],"acf":[],"yoast_head":"<!-- This site is optimized with the Yoast SEO plugin v27.4 - https:\/\/yoast.com\/product\/yoast-seo-wordpress\/ -->\n<title>No cosmetic surgery in times of covid-19 - TheAesthetics Dr. Rolf Bartsch &amp; Dr. Katrin Bartsch Plastische Chirurgie &amp; \u00c4sthetische Medizin 1190 Wien<\/title>\n<meta name=\"robots\" content=\"index, follow, max-snippet:-1, max-image-preview:large, max-video-preview:-1\" \/>\n<link rel=\"canonical\" href=\"https:\/\/www.theaesthetics.at\/en\/no-cosmetic-surgery-in-times-of-covid-19\/\" \/>\n<meta property=\"og:locale\" content=\"en_US\" \/>\n<meta property=\"og:type\" content=\"article\" \/>\n<meta property=\"og:title\" content=\"No cosmetic surgery in times of covid-19 - TheAesthetics Dr. Rolf Bartsch &amp; Dr. Katrin Bartsch Plastische Chirurgie &amp; \u00c4sthetische Medizin 1190 Wien\" \/>\n<meta property=\"og:description\" content=\"Why we stop everything and when will it continue again?\" \/>\n<meta property=\"og:url\" content=\"https:\/\/www.theaesthetics.at\/en\/no-cosmetic-surgery-in-times-of-covid-19\/\" \/>\n<meta property=\"og:site_name\" content=\"TheAesthetics Dr. Rolf Bartsch &amp; Dr. Katrin Bartsch Plastische Chirurgie &amp; \u00c4sthetische Medizin 1190 Wien\" \/>\n<meta property=\"article:published_time\" content=\"2020-03-18T12:43:00+00:00\" \/>\n<meta property=\"article:modified_time\" content=\"2022-07-07T11:08:51+00:00\" \/>\n<meta property=\"og:image\" content=\"https:\/\/www.theaesthetics.at\/wp-content\/uploads\/2020\/03\/blog_covid.jpg\" \/>\n\t<meta property=\"og:image:width\" content=\"1445\" \/>\n\t<meta property=\"og:image:height\" content=\"800\" \/>\n\t<meta property=\"og:image:type\" content=\"image\/jpeg\" \/>\n<meta name=\"author\" content=\"Viktor Toth\" \/>\n<meta name=\"twitter:card\" content=\"summary_large_image\" \/>\n<meta name=\"twitter:label1\" content=\"Written by\" \/>\n\t<meta name=\"twitter:data1\" content=\"Viktor Toth\" \/>\n<script type=\"application\/ld+json\" class=\"yoast-schema-graph\">{\"@context\":\"https:\\\/\\\/schema.org\",\"@graph\":[{\"@type\":\"Article\",\"@id\":\"https:\\\/\\\/www.theaesthetics.at\\\/en\\\/no-cosmetic-surgery-in-times-of-covid-19\\\/#article\",\"isPartOf\":{\"@id\":\"https:\\\/\\\/www.theaesthetics.at\\\/en\\\/no-cosmetic-surgery-in-times-of-covid-19\\\/\"},\"author\":{\"name\":\"Viktor Toth\",\"@id\":\"https:\\\/\\\/www.theaesthetics.at\\\/en\\\/#\\\/schema\\\/person\\\/e0cfa8aecec9bd45356cb2d5f05f9812\"},\"headline\":\"No cosmetic surgery in times of covid-19\",\"datePublished\":\"2020-03-18T12:43:00+00:00\",\"dateModified\":\"2022-07-07T11:08:51+00:00\",\"mainEntityOfPage\":{\"@id\":\"https:\\\/\\\/www.theaesthetics.at\\\/en\\\/no-cosmetic-surgery-in-times-of-covid-19\\\/\"},\"wordCount\":7,\"commentCount\":0,\"image\":{\"@id\":\"https:\\\/\\\/www.theaesthetics.at\\\/en\\\/no-cosmetic-surgery-in-times-of-covid-19\\\/#primaryimage\"},\"thumbnailUrl\":\"https:\\\/\\\/www.theaesthetics.at\\\/wp-content\\\/uploads\\\/2020\\\/03\\\/blog_covid.jpg\",\"articleSection\":[\"Blog EN\",\"Body\",\"General\"],\"inLanguage\":\"en-US\",\"potentialAction\":[{\"@type\":\"CommentAction\",\"name\":\"Comment\",\"target\":[\"https:\\\/\\\/www.theaesthetics.at\\\/en\\\/no-cosmetic-surgery-in-times-of-covid-19\\\/#respond\"]}]},{\"@type\":\"WebPage\",\"@id\":\"https:\\\/\\\/www.theaesthetics.at\\\/en\\\/no-cosmetic-surgery-in-times-of-covid-19\\\/\",\"url\":\"https:\\\/\\\/www.theaesthetics.at\\\/en\\\/no-cosmetic-surgery-in-times-of-covid-19\\\/\",\"name\":\"No cosmetic surgery in times of covid-19 - TheAesthetics Dr. Rolf Bartsch &amp; Dr. Katrin Bartsch Plastische Chirurgie &amp; \u00c4sthetische Medizin 1190 Wien\",\"isPartOf\":{\"@id\":\"https:\\\/\\\/www.theaesthetics.at\\\/en\\\/#website\"},\"primaryImageOfPage\":{\"@id\":\"https:\\\/\\\/www.theaesthetics.at\\\/en\\\/no-cosmetic-surgery-in-times-of-covid-19\\\/#primaryimage\"},\"image\":{\"@id\":\"https:\\\/\\\/www.theaesthetics.at\\\/en\\\/no-cosmetic-surgery-in-times-of-covid-19\\\/#primaryimage\"},\"thumbnailUrl\":\"https:\\\/\\\/www.theaesthetics.at\\\/wp-content\\\/uploads\\\/2020\\\/03\\\/blog_covid.jpg\",\"datePublished\":\"2020-03-18T12:43:00+00:00\",\"dateModified\":\"2022-07-07T11:08:51+00:00\",\"author\":{\"@id\":\"https:\\\/\\\/www.theaesthetics.at\\\/en\\\/#\\\/schema\\\/person\\\/e0cfa8aecec9bd45356cb2d5f05f9812\"},\"breadcrumb\":{\"@id\":\"https:\\\/\\\/www.theaesthetics.at\\\/en\\\/no-cosmetic-surgery-in-times-of-covid-19\\\/#breadcrumb\"},\"inLanguage\":\"en-US\",\"potentialAction\":[{\"@type\":\"ReadAction\",\"target\":[\"https:\\\/\\\/www.theaesthetics.at\\\/en\\\/no-cosmetic-surgery-in-times-of-covid-19\\\/\"]}]},{\"@type\":\"ImageObject\",\"inLanguage\":\"en-US\",\"@id\":\"https:\\\/\\\/www.theaesthetics.at\\\/en\\\/no-cosmetic-surgery-in-times-of-covid-19\\\/#primaryimage\",\"url\":\"https:\\\/\\\/www.theaesthetics.at\\\/wp-content\\\/uploads\\\/2020\\\/03\\\/blog_covid.jpg\",\"contentUrl\":\"https:\\\/\\\/www.theaesthetics.at\\\/wp-content\\\/uploads\\\/2020\\\/03\\\/blog_covid.jpg\",\"width\":1445,\"height\":800},{\"@type\":\"BreadcrumbList\",\"@id\":\"https:\\\/\\\/www.theaesthetics.at\\\/en\\\/no-cosmetic-surgery-in-times-of-covid-19\\\/#breadcrumb\",\"itemListElement\":[{\"@type\":\"ListItem\",\"position\":1,\"name\":\"Startseite\",\"item\":\"https:\\\/\\\/www.theaesthetics.at\\\/en\\\/\"},{\"@type\":\"ListItem\",\"position\":2,\"name\":\"No cosmetic surgery in times of covid-19\"}]},{\"@type\":\"WebSite\",\"@id\":\"https:\\\/\\\/www.theaesthetics.at\\\/en\\\/#website\",\"url\":\"https:\\\/\\\/www.theaesthetics.at\\\/en\\\/\",\"name\":\"TheAesthetics Dr. Rolf Bartsch &amp; Dr. Katrin Bartsch Plastische Chirurgie &amp; \u00c4sthetische Medizin 1190 Wien\",\"description\":\"Bei Dr. Bartsch - The Aesthetics Wien - werden plastisch-chirurgische und nicht invasive \u00e4sthetische Behandlungen ma\u00dfgeschneidert durchgef\u00fchrt.\",\"potentialAction\":[{\"@type\":\"SearchAction\",\"target\":{\"@type\":\"EntryPoint\",\"urlTemplate\":\"https:\\\/\\\/www.theaesthetics.at\\\/en\\\/?s={search_term_string}\"},\"query-input\":{\"@type\":\"PropertyValueSpecification\",\"valueRequired\":true,\"valueName\":\"search_term_string\"}}],\"inLanguage\":\"en-US\"},{\"@type\":\"Person\",\"@id\":\"https:\\\/\\\/www.theaesthetics.at\\\/en\\\/#\\\/schema\\\/person\\\/e0cfa8aecec9bd45356cb2d5f05f9812\",\"name\":\"Viktor Toth\",\"image\":{\"@type\":\"ImageObject\",\"inLanguage\":\"en-US\",\"@id\":\"https:\\\/\\\/secure.gravatar.com\\\/avatar\\\/0e308272b73d72219877c3356b198742c67cb2f69de2be00d3194f1eddbc8015?s=96&d=identicon&r=g\",\"url\":\"https:\\\/\\\/secure.gravatar.com\\\/avatar\\\/0e308272b73d72219877c3356b198742c67cb2f69de2be00d3194f1eddbc8015?s=96&d=identicon&r=g\",\"contentUrl\":\"https:\\\/\\\/secure.gravatar.com\\\/avatar\\\/0e308272b73d72219877c3356b198742c67cb2f69de2be00d3194f1eddbc8015?s=96&d=identicon&r=g\",\"caption\":\"Viktor Toth\"}}]}<\/script>\n<!-- \/ Yoast SEO plugin. -->","yoast_head_json":{"title":"No cosmetic surgery in times of covid-19 - TheAesthetics Dr. Rolf Bartsch &amp; Dr. Katrin Bartsch Plastische Chirurgie &amp; \u00c4sthetische Medizin 1190 Wien","robots":{"index":"index","follow":"follow","max-snippet":"max-snippet:-1","max-image-preview":"max-image-preview:large","max-video-preview":"max-video-preview:-1"},"canonical":"https:\/\/www.theaesthetics.at\/en\/no-cosmetic-surgery-in-times-of-covid-19\/","og_locale":"en_US","og_type":"article","og_title":"No cosmetic surgery in times of covid-19 - TheAesthetics Dr. Rolf Bartsch &amp; Dr. Katrin Bartsch Plastische Chirurgie &amp; \u00c4sthetische Medizin 1190 Wien","og_description":"Why we stop everything and when will it continue again?","og_url":"https:\/\/www.theaesthetics.at\/en\/no-cosmetic-surgery-in-times-of-covid-19\/","og_site_name":"TheAesthetics Dr. Rolf Bartsch &amp; Dr. Katrin Bartsch Plastische Chirurgie &amp; \u00c4sthetische Medizin 1190 Wien","article_published_time":"2020-03-18T12:43:00+00:00","article_modified_time":"2022-07-07T11:08:51+00:00","og_image":[{"width":1445,"height":800,"url":"https:\/\/www.theaesthetics.at\/wp-content\/uploads\/2020\/03\/blog_covid.jpg","type":"image\/jpeg"}],"author":"Viktor Toth","twitter_card":"summary_large_image","twitter_misc":{"Written by":"Viktor Toth"},"schema":{"@context":"https:\/\/schema.org","@graph":[{"@type":"Article","@id":"https:\/\/www.theaesthetics.at\/en\/no-cosmetic-surgery-in-times-of-covid-19\/#article","isPartOf":{"@id":"https:\/\/www.theaesthetics.at\/en\/no-cosmetic-surgery-in-times-of-covid-19\/"},"author":{"name":"Viktor Toth","@id":"https:\/\/www.theaesthetics.at\/en\/#\/schema\/person\/e0cfa8aecec9bd45356cb2d5f05f9812"},"headline":"No cosmetic surgery in times of covid-19","datePublished":"2020-03-18T12:43:00+00:00","dateModified":"2022-07-07T11:08:51+00:00","mainEntityOfPage":{"@id":"https:\/\/www.theaesthetics.at\/en\/no-cosmetic-surgery-in-times-of-covid-19\/"},"wordCount":7,"commentCount":0,"image":{"@id":"https:\/\/www.theaesthetics.at\/en\/no-cosmetic-surgery-in-times-of-covid-19\/#primaryimage"},"thumbnailUrl":"https:\/\/www.theaesthetics.at\/wp-content\/uploads\/2020\/03\/blog_covid.jpg","articleSection":["Blog EN","Body","General"],"inLanguage":"en-US","potentialAction":[{"@type":"CommentAction","name":"Comment","target":["https:\/\/www.theaesthetics.at\/en\/no-cosmetic-surgery-in-times-of-covid-19\/#respond"]}]},{"@type":"WebPage","@id":"https:\/\/www.theaesthetics.at\/en\/no-cosmetic-surgery-in-times-of-covid-19\/","url":"https:\/\/www.theaesthetics.at\/en\/no-cosmetic-surgery-in-times-of-covid-19\/","name":"No cosmetic surgery in times of covid-19 - TheAesthetics Dr. Rolf Bartsch &amp; Dr. Katrin Bartsch Plastische Chirurgie &amp; \u00c4sthetische Medizin 1190 Wien","isPartOf":{"@id":"https:\/\/www.theaesthetics.at\/en\/#website"},"primaryImageOfPage":{"@id":"https:\/\/www.theaesthetics.at\/en\/no-cosmetic-surgery-in-times-of-covid-19\/#primaryimage"},"image":{"@id":"https:\/\/www.theaesthetics.at\/en\/no-cosmetic-surgery-in-times-of-covid-19\/#primaryimage"},"thumbnailUrl":"https:\/\/www.theaesthetics.at\/wp-content\/uploads\/2020\/03\/blog_covid.jpg","datePublished":"2020-03-18T12:43:00+00:00","dateModified":"2022-07-07T11:08:51+00:00","author":{"@id":"https:\/\/www.theaesthetics.at\/en\/#\/schema\/person\/e0cfa8aecec9bd45356cb2d5f05f9812"},"breadcrumb":{"@id":"https:\/\/www.theaesthetics.at\/en\/no-cosmetic-surgery-in-times-of-covid-19\/#breadcrumb"},"inLanguage":"en-US","potentialAction":[{"@type":"ReadAction","target":["https:\/\/www.theaesthetics.at\/en\/no-cosmetic-surgery-in-times-of-covid-19\/"]}]},{"@type":"ImageObject","inLanguage":"en-US","@id":"https:\/\/www.theaesthetics.at\/en\/no-cosmetic-surgery-in-times-of-covid-19\/#primaryimage","url":"https:\/\/www.theaesthetics.at\/wp-content\/uploads\/2020\/03\/blog_covid.jpg","contentUrl":"https:\/\/www.theaesthetics.at\/wp-content\/uploads\/2020\/03\/blog_covid.jpg","width":1445,"height":800},{"@type":"BreadcrumbList","@id":"https:\/\/www.theaesthetics.at\/en\/no-cosmetic-surgery-in-times-of-covid-19\/#breadcrumb","itemListElement":[{"@type":"ListItem","position":1,"name":"Startseite","item":"https:\/\/www.theaesthetics.at\/en\/"},{"@type":"ListItem","position":2,"name":"No cosmetic surgery in times of covid-19"}]},{"@type":"WebSite","@id":"https:\/\/www.theaesthetics.at\/en\/#website","url":"https:\/\/www.theaesthetics.at\/en\/","name":"TheAesthetics Dr. Rolf Bartsch &amp; Dr. Katrin Bartsch Plastische Chirurgie &amp; \u00c4sthetische Medizin 1190 Wien","description":"Bei Dr. Bartsch - The Aesthetics Wien - werden plastisch-chirurgische und nicht invasive \u00e4sthetische Behandlungen ma\u00dfgeschneidert durchgef\u00fchrt.","potentialAction":[{"@type":"SearchAction","target":{"@type":"EntryPoint","urlTemplate":"https:\/\/www.theaesthetics.at\/en\/?s={search_term_string}"},"query-input":{"@type":"PropertyValueSpecification","valueRequired":true,"valueName":"search_term_string"}}],"inLanguage":"en-US"},{"@type":"Person","@id":"https:\/\/www.theaesthetics.at\/en\/#\/schema\/person\/e0cfa8aecec9bd45356cb2d5f05f9812","name":"Viktor Toth","image":{"@type":"ImageObject","inLanguage":"en-US","@id":"https:\/\/secure.gravatar.com\/avatar\/0e308272b73d72219877c3356b198742c67cb2f69de2be00d3194f1eddbc8015?s=96&d=identicon&r=g","url":"https:\/\/secure.gravatar.com\/avatar\/0e308272b73d72219877c3356b198742c67cb2f69de2be00d3194f1eddbc8015?s=96&d=identicon&r=g","contentUrl":"https:\/\/secure.gravatar.com\/avatar\/0e308272b73d72219877c3356b198742c67cb2f69de2be00d3194f1eddbc8015?s=96&d=identicon&r=g","caption":"Viktor Toth"}}]}},"_links":{"self":[{"href":"https:\/\/www.theaesthetics.at\/en\/wp-json\/wp\/v2\/posts\/7865","targetHints":{"allow":["GET"]}}],"collection":[{"href":"https:\/\/www.theaesthetics.at\/en\/wp-json\/wp\/v2\/posts"}],"about":[{"href":"https:\/\/www.theaesthetics.at\/en\/wp-json\/wp\/v2\/types\/post"}],"author":[{"embeddable":true,"href":"https:\/\/www.theaesthetics.at\/en\/wp-json\/wp\/v2\/users\/2"}],"replies":[{"embeddable":true,"href":"https:\/\/www.theaesthetics.at\/en\/wp-json\/wp\/v2\/comments?post=7865"}],"version-history":[{"count":0,"href":"https:\/\/www.theaesthetics.at\/en\/wp-json\/wp\/v2\/posts\/7865\/revisions"}],"wp:featuredmedia":[{"embeddable":true,"href":"https:\/\/www.theaesthetics.at\/en\/wp-json\/wp\/v2\/media\/12545"}],"wp:attachment":[{"href":"https:\/\/www.theaesthetics.at\/en\/wp-json\/wp\/v2\/media?parent=7865"}],"wp:term":[{"taxonomy":"category","embeddable":true,"href":"https:\/\/www.theaesthetics.at\/en\/wp-json\/wp\/v2\/categories?post=7865"},{"taxonomy":"post_tag","embeddable":true,"href":"https:\/\/www.theaesthetics.at\/en\/wp-json\/wp\/v2\/tags?post=7865"}],"curies":[{"name":"wp","href":"https:\/\/api.w.org\/{rel}","templated":true}]}}